{"id":2009,"date":"2024-06-10T12:23:47","date_gmt":"2024-06-10T10:23:47","guid":{"rendered":"https:\/\/nmk-pub.ch\/?p=2009"},"modified":"2024-11-03T08:34:58","modified_gmt":"2024-11-03T07:34:58","slug":"une-flotte-de-vehicules-aux-couleurs-de-lentreprise","status":"publish","type":"post","link":"https:\/\/nmk-pub.ch\/en\/une-flotte-de-vehicules-aux-couleurs-de-lentreprise\/","title":{"rendered":"A fleet of vehicles in the company colors"},"content":{"rendered":"<p>Nmkpub recently collaborated with Air-3 SA, a company specializing in building ventilation, to improve the visibility of their vehicle fleet. We designed and installed custom stickers, incorporating the company&#039;s distinctive logo and color coordinates.<\/p>\n\n\n\n<p>Each sticker has been designed to be both attractive and functional, ensuring clear communication and a professional aesthetic. The careful application ensured perfect adhesion, allowing the stickers to withstand the elements and remain in excellent condition for a long time.<\/p>\n\n\n\n<p>With these new stickers, Air-3 SA vehicles now attract attention wherever they go. This increase in visibility helps the company stand out in a competitive sector and strengthen its brand recognition, while highlighting its expertise and professionalism.<\/p>","protected":false},"excerpt":{"rendered":"<p>Nmkpub a r\u00e9cemment collabor\u00e9 avec Air-3 SA, une entreprise sp\u00e9cialis\u00e9e en ventilation de b\u00e2timents, pour am\u00e9liorer la visibilit\u00e9 de leur flotte de v\u00e9hicules. Nous avons con\u00e7u et pos\u00e9 des autocollants sur mesure, int\u00e9grant le logo distinctif et les coordonn\u00e9es couleurs de l&#8217;entreprise. Chaque autocollant a \u00e9t\u00e9 con\u00e7u pour \u00eatre \u00e0 la fois attrayant et fonctionnel,&hellip;<\/p>","protected":false},"author":1,"featured_media":2012,"comment_status":"open","ping_status":"open","sticky":false,"template":"","format":"standard","meta":{"_acf_changed":false,"footnotes":""},"categories":[21,32,17,23,7,42,27,8,9,46],"tags":[63],"class_list":["post-2009","post","type-post","status-publish","format-standard","has-post-thumbnail","hentry","category-actualites","category-cheseaux-sur-lausanne","category-domaine","category-realisations","category-region","category-services","category-services-specialises","category-suisse-romande","category-vaud","category-vehicule","tag-vehicule-covering"],"acf":[],"_links":{"self":[{"href":"https:\/\/nmk-pub.ch\/en\/wp-json\/wp\/v2\/posts\/2009","targetHints":{"allow":["GET"]}}],"collection":[{"href":"https:\/\/nmk-pub.ch\/en\/wp-json\/wp\/v2\/posts"}],"about":[{"href":"https:\/\/nmk-pub.ch\/en\/wp-json\/wp\/v2\/types\/post"}],"author":[{"embeddable":true,"href":"https:\/\/nmk-pub.ch\/en\/wp-json\/wp\/v2\/users\/1"}],"replies":[{"embeddable":true,"href":"https:\/\/nmk-pub.ch\/en\/wp-json\/wp\/v2\/comments?post=2009"}],"version-history":[{"count":2,"href":"https:\/\/nmk-pub.ch\/en\/wp-json\/wp\/v2\/posts\/2009\/revisions"}],"predecessor-version":[{"id":2613,"href":"https:\/\/nmk-pub.ch\/en\/wp-json\/wp\/v2\/posts\/2009\/revisions\/2613"}],"wp:featuredmedia":[{"embeddable":true,"href":"https:\/\/nmk-pub.ch\/en\/wp-json\/wp\/v2\/media\/2012"}],"wp:attachment":[{"href":"https:\/\/nmk-pub.ch\/en\/wp-json\/wp\/v2\/media?parent=2009"}],"wp:term":[{"taxonomy":"category","embeddable":true,"href":"https:\/\/nmk-pub.ch\/en\/wp-json\/wp\/v2\/categories?post=2009"},{"taxonomy":"post_tag","embeddable":true,"href":"https:\/\/nmk-pub.ch\/en\/wp-json\/wp\/v2\/tags?post=2009"}],"curies":[{"name":"wp","href":"https:\/\/api.w.org\/{rel}","templated":true}]}}